{"id":2323,"date":"2021-12-24T11:42:39","date_gmt":"2021-12-24T14:42:39","guid":{"rendered":"https:\/\/www.paroquiavilaoperaria.org.br\/portal\/?p=2323"},"modified":"2021-12-24T11:42:39","modified_gmt":"2021-12-24T14:42:39","slug":"programacao-de-celebracoes-de-natal-e-ano-novo","status":"publish","type":"post","link":"https:\/\/www.paroquiavilaoperaria.org.br\/portal\/programacao-de-celebracoes-de-natal-e-ano-novo\/","title":{"rendered":"Programa\u00e7\u00e3o de celebra\u00e7\u00f5es de Natal e Ano Novo"},"content":{"rendered":"<p>Confira a programa\u00e7\u00e3o de missas do natal e ano novo em nossa par\u00f3quia\/comunidades.<\/p>\n<p><a href=\"https:\/\/www.paroquiavilaoperaria.org.br\/portal\/wp-content\/uploads\/2021\/12\/1.png\"><img loading=\"lazy\" decoding=\"async\" class=\"alignnone size-medium wp-image-2326\" src=\"https:\/\/www.paroquiavilaoperaria.org.br\/portal\/wp-content\/uploads\/2021\/12\/1-300x300.png\" alt=\"\" width=\"300\" height=\"300\" srcset=\"https:\/\/www.paroquiavilaoperaria.org.br\/portal\/wp-content\/uploads\/2021\/12\/1-300x300.png 300w, https:\/\/www.paroquiavilaoperaria.org.br\/portal\/wp-content\/uploads\/2021\/12\/1-1024x1024.png 1024w, https:\/\/www.paroquiavilaoperaria.org.br\/portal\/wp-content\/uploads\/2021\/12\/1-150x150.png 150w, https:\/\/www.paroquiavilaoperaria.org.br\/portal\/wp-content\/uploads\/2021\/12\/1-768x768.png 768w, https:\/\/www.paroquiavilaoperaria.org.br\/portal\/wp-content\/uploads\/2021\/12\/1-1536x1536.png 1536w, https:\/\/www.paroquiavilaoperaria.org.br\/portal\/wp-content\/uploads\/2021\/12\/1.png 1654w\" sizes=\"(max-width: 300px) 100vw, 300px\" \/><\/a><a href=\"https:\/\/www.paroquiavilaoperaria.org.br\/portal\/wp-content\/uploads\/2021\/12\/2.png\"><img loading=\"lazy\" decoding=\"async\" class=\"alignnone size-medium wp-image-2324\" src=\"https:\/\/www.paroquiavilaoperaria.org.br\/portal\/wp-content\/uploads\/2021\/12\/2-300x300.png\" alt=\"\" width=\"300\" height=\"300\" srcset=\"https:\/\/www.paroquiavilaoperaria.org.br\/portal\/wp-content\/uploads\/2021\/12\/2-300x300.png 300w, https:\/\/www.paroquiavilaoperaria.org.br\/portal\/wp-content\/uploads\/2021\/12\/2-1024x1024.png 1024w, https:\/\/www.paroquiavilaoperaria.org.br\/portal\/wp-content\/uploads\/2021\/12\/2-150x150.png 150w, https:\/\/www.paroquiavilaoperaria.org.br\/portal\/wp-content\/uploads\/2021\/12\/2-768x768.png 768w, https:\/\/www.paroquiavilaoperaria.org.br\/portal\/wp-content\/uploads\/2021\/12\/2-1536x1536.png 1536w, https:\/\/www.paroquiavilaoperaria.org.br\/portal\/wp-content\/uploads\/2021\/12\/2.png 1654w\" sizes=\"(max-width: 300px) 100vw, 300px\" \/><\/a> <a href=\"https:\/\/www.paroquiavilaoperaria.org.br\/portal\/wp-content\/uploads\/2021\/12\/3.png\"><img loading=\"lazy\" decoding=\"async\" class=\"alignnone size-medium wp-image-2325\" src=\"https:\/\/www.paroquiavilaoperaria.org.br\/portal\/wp-content\/uploads\/2021\/12\/3-300x300.png\" alt=\"\" width=\"300\" height=\"300\" srcset=\"https:\/\/www.paroquiavilaoperaria.org.br\/portal\/wp-content\/uploads\/2021\/12\/3-300x300.png 300w, https:\/\/www.paroquiavilaoperaria.org.br\/portal\/wp-content\/uploads\/2021\/12\/3-1024x1024.png 1024w, https:\/\/www.paroquiavilaoperaria.org.br\/portal\/wp-content\/uploads\/2021\/12\/3-150x150.png 150w, https:\/\/www.paroquiavilaoperaria.org.br\/portal\/wp-content\/uploads\/2021\/12\/3-768x768.png 768w, https:\/\/www.paroquiavilaoperaria.org.br\/portal\/wp-content\/uploads\/2021\/12\/3-1536x1536.png 1536w, https:\/\/www.paroquiavilaoperaria.org.br\/portal\/wp-content\/uploads\/2021\/12\/3.png 1654w\" sizes=\"(max-width: 300px) 100vw, 300px\" \/><\/a><\/p>\n","protected":false},"excerpt":{"rendered":"<p>Confira a programa\u00e7\u00e3o de missas do natal e ano novo em nossa par\u00f3quia\/comunidades.<\/p>\n","protected":false},"author":2,"featured_media":2326,"comment_status":"closed","ping_status":"open","sticky":false,"template":"","format":"standard","meta":{"_acf_changed":false,"footnotes":""},"categories":[1],"tags":[61,103,105,73,87,106],"acf":[],"yoast_head":"<!-- This site is optimized with the Yoast SEO plugin v16.9 - https:\/\/yoast.com\/wordpress\/plugins\/seo\/ -->\n<title>Programa\u00e7\u00e3o de celebra\u00e7\u00f5es de Natal e Ano Novo<\/title>\n<meta name=\"robots\" content=\"index, follow, max-snippet:-1, max-image-preview:large, max-video-preview:-1\" \/>\n<link rel=\"canonical\" href=\"https:\/\/www.paroquiavilaoperaria.org.br\/portal\/programacao-de-celebracoes-de-natal-e-ano-novo\/\" \/>\n<meta property=\"og:locale\" content=\"pt_BR\" \/>\n<meta property=\"og:type\" content=\"article\" \/>\n<meta property=\"og:title\" content=\"Programa\u00e7\u00e3o de celebra\u00e7\u00f5es de Natal e Ano Novo\" \/>\n<meta property=\"og:description\" content=\"Confira a programa\u00e7\u00e3o de missas do natal e ano novo em nossa par\u00f3quia\/comunidades.\" \/>\n<meta property=\"og:url\" content=\"https:\/\/www.paroquiavilaoperaria.org.br\/portal\/programacao-de-celebracoes-de-natal-e-ano-novo\/\" \/>\n<meta property=\"og:site_name\" content=\"Par\u00f3quia da Vila Oper\u00e1ria - Teresina - Piau\u00ed\" \/>\n<meta property=\"article:publisher\" content=\"https:\/\/www.facebook.com\/Valdeci-Cavalcante-Advocacia-Assessoria-211334022240065\/\" \/>\n<meta property=\"article:published_time\" content=\"2021-12-24T14:42:39+00:00\" \/>\n<meta property=\"og:image\" content=\"https:\/\/www.paroquiavilaoperaria.org.br\/portal\/wp-content\/uploads\/2021\/12\/1.png\" \/>\n\t<meta property=\"og:image:width\" content=\"1654\" \/>\n\t<meta property=\"og:image:height\" content=\"1654\" \/>\n<meta name=\"twitter:card\" content=\"summary\" \/>\n<meta name=\"twitter:label1\" content=\"Escrito por\" \/>\n\t<meta name=\"twitter:data1\" content=\"Emanuel Ramos\" \/>\n\t<meta name=\"twitter:label2\" content=\"Est. tempo de leitura\" \/>\n\t<meta name=\"twitter:data2\" content=\"1 minuto\" \/>\n<script type=\"application\/ld+json\" class=\"yoast-schema-graph\">{\"@context\":\"https:\/\/schema.org\",\"@graph\":[{\"@type\":\"WebSite\",\"@id\":\"https:\/\/www.paroquiavilaoperaria.org.br\/portal\/#website\",\"url\":\"https:\/\/www.paroquiavilaoperaria.org.br\/portal\/\",\"name\":\"Par\\u00f3quia da Vila Oper\\u00e1ria - Teresina - Piau\\u00ed\",\"description\":\"\",\"potentialAction\":[{\"@type\":\"SearchAction\",\"target\":{\"@type\":\"EntryPoint\",\"urlTemplate\":\"https:\/\/www.paroquiavilaoperaria.org.br\/portal\/?s={search_term_string}\"},\"query-input\":\"required name=search_term_string\"}],\"inLanguage\":\"pt-BR\"},{\"@type\":\"ImageObject\",\"@id\":\"https:\/\/www.paroquiavilaoperaria.org.br\/portal\/programacao-de-celebracoes-de-natal-e-ano-novo\/#primaryimage\",\"inLanguage\":\"pt-BR\",\"url\":\"https:\/\/www.paroquiavilaoperaria.org.br\/portal\/wp-content\/uploads\/2021\/12\/1.png\",\"contentUrl\":\"https:\/\/www.paroquiavilaoperaria.org.br\/portal\/wp-content\/uploads\/2021\/12\/1.png\",\"width\":1654,\"height\":1654},{\"@type\":\"WebPage\",\"@id\":\"https:\/\/www.paroquiavilaoperaria.org.br\/portal\/programacao-de-celebracoes-de-natal-e-ano-novo\/#webpage\",\"url\":\"https:\/\/www.paroquiavilaoperaria.org.br\/portal\/programacao-de-celebracoes-de-natal-e-ano-novo\/\",\"name\":\"Programa\\u00e7\\u00e3o de celebra\\u00e7\\u00f5es de Natal e Ano Novo\",\"isPartOf\":{\"@id\":\"https:\/\/www.paroquiavilaoperaria.org.br\/portal\/#website\"},\"primaryImageOfPage\":{\"@id\":\"https:\/\/www.paroquiavilaoperaria.org.br\/portal\/programacao-de-celebracoes-de-natal-e-ano-novo\/#primaryimage\"},\"datePublished\":\"2021-12-24T14:42:39+00:00\",\"dateModified\":\"2021-12-24T14:42:39+00:00\",\"author\":{\"@id\":\"https:\/\/www.paroquiavilaoperaria.org.br\/portal\/#\/schema\/person\/e3de961d0edca8f8595f1fa7cffc193f\"},\"breadcrumb\":{\"@id\":\"https:\/\/www.paroquiavilaoperaria.org.br\/portal\/programacao-de-celebracoes-de-natal-e-ano-novo\/#breadcrumb\"},\"inLanguage\":\"pt-BR\",\"potentialAction\":[{\"@type\":\"ReadAction\",\"target\":[\"https:\/\/www.paroquiavilaoperaria.org.br\/portal\/programacao-de-celebracoes-de-natal-e-ano-novo\/\"]}]},{\"@type\":\"BreadcrumbList\",\"@id\":\"https:\/\/www.paroquiavilaoperaria.org.br\/portal\/programacao-de-celebracoes-de-natal-e-ano-novo\/#breadcrumb\",\"itemListElement\":[{\"@type\":\"ListItem\",\"position\":1,\"name\":\"In\\u00edcio\",\"item\":\"https:\/\/www.paroquiavilaoperaria.org.br\/portal\/\"},{\"@type\":\"ListItem\",\"position\":2,\"name\":\"Programa\\u00e7\\u00e3o de celebra\\u00e7\\u00f5es de Natal e Ano Novo\"}]},{\"@type\":\"Person\",\"@id\":\"https:\/\/www.paroquiavilaoperaria.org.br\/portal\/#\/schema\/person\/e3de961d0edca8f8595f1fa7cffc193f\",\"name\":\"Emanuel Ramos\",\"image\":{\"@type\":\"ImageObject\",\"@id\":\"https:\/\/www.paroquiavilaoperaria.org.br\/portal\/#personlogo\",\"inLanguage\":\"pt-BR\",\"url\":\"https:\/\/secure.gravatar.com\/avatar\/ab90aff8bbae87d9bbf54ceddd4d11e1?s=96&d=mm&r=g\",\"contentUrl\":\"https:\/\/secure.gravatar.com\/avatar\/ab90aff8bbae87d9bbf54ceddd4d11e1?s=96&d=mm&r=g\",\"caption\":\"Emanuel Ramos\"},\"sameAs\":[\"http:\/\/www.paroquiavilaoperaria.org.br\"],\"url\":\"https:\/\/www.paroquiavilaoperaria.org.br\/portal\/author\/emanuel\/\"}]}<\/script>\n<!-- \/ Yoast SEO plugin. -->","yoast_head_json":{"title":"Programa\u00e7\u00e3o de celebra\u00e7\u00f5es de Natal e Ano Novo","robots":{"index":"index","follow":"follow","max-snippet":"max-snippet:-1","max-image-preview":"max-image-preview:large","max-video-preview":"max-video-preview:-1"},"canonical":"https:\/\/www.paroquiavilaoperaria.org.br\/portal\/programacao-de-celebracoes-de-natal-e-ano-novo\/","og_locale":"pt_BR","og_type":"article","og_title":"Programa\u00e7\u00e3o de celebra\u00e7\u00f5es de Natal e Ano Novo","og_description":"Confira a programa\u00e7\u00e3o de missas do natal e ano novo em nossa par\u00f3quia\/comunidades.","og_url":"https:\/\/www.paroquiavilaoperaria.org.br\/portal\/programacao-de-celebracoes-de-natal-e-ano-novo\/","og_site_name":"Par\u00f3quia da Vila Oper\u00e1ria - Teresina - Piau\u00ed","article_publisher":"https:\/\/www.facebook.com\/Valdeci-Cavalcante-Advocacia-Assessoria-211334022240065\/","article_published_time":"2021-12-24T14:42:39+00:00","og_image":[{"width":1654,"height":1654,"url":"https:\/\/www.paroquiavilaoperaria.org.br\/portal\/wp-content\/uploads\/2021\/12\/1.png","path":"\/home\/vila\/domains\/paroquiavilaoperaria.org.br\/public_html\/portal\/wp-content\/uploads\/2021\/12\/1.png","size":"full","id":2326,"alt":"","pixels":2735716,"type":"image\/png"}],"twitter_card":"summary","twitter_misc":{"Escrito por":"Emanuel Ramos","Est. tempo de leitura":"1 minuto"},"schema":{"@context":"https:\/\/schema.org","@graph":[{"@type":"WebSite","@id":"https:\/\/www.paroquiavilaoperaria.org.br\/portal\/#website","url":"https:\/\/www.paroquiavilaoperaria.org.br\/portal\/","name":"Par\u00f3quia da Vila Oper\u00e1ria - Teresina - Piau\u00ed","description":"","potentialAction":[{"@type":"SearchAction","target":{"@type":"EntryPoint","urlTemplate":"https:\/\/www.paroquiavilaoperaria.org.br\/portal\/?s={search_term_string}"},"query-input":"required name=search_term_string"}],"inLanguage":"pt-BR"},{"@type":"ImageObject","@id":"https:\/\/www.paroquiavilaoperaria.org.br\/portal\/programacao-de-celebracoes-de-natal-e-ano-novo\/#primaryimage","inLanguage":"pt-BR","url":"https:\/\/www.paroquiavilaoperaria.org.br\/portal\/wp-content\/uploads\/2021\/12\/1.png","contentUrl":"https:\/\/www.paroquiavilaoperaria.org.br\/portal\/wp-content\/uploads\/2021\/12\/1.png","width":1654,"height":1654},{"@type":"WebPage","@id":"https:\/\/www.paroquiavilaoperaria.org.br\/portal\/programacao-de-celebracoes-de-natal-e-ano-novo\/#webpage","url":"https:\/\/www.paroquiavilaoperaria.org.br\/portal\/programacao-de-celebracoes-de-natal-e-ano-novo\/","name":"Programa\u00e7\u00e3o de celebra\u00e7\u00f5es de Natal e Ano Novo","isPartOf":{"@id":"https:\/\/www.paroquiavilaoperaria.org.br\/portal\/#website"},"primaryImageOfPage":{"@id":"https:\/\/www.paroquiavilaoperaria.org.br\/portal\/programacao-de-celebracoes-de-natal-e-ano-novo\/#primaryimage"},"datePublished":"2021-12-24T14:42:39+00:00","dateModified":"2021-12-24T14:42:39+00:00","author":{"@id":"https:\/\/www.paroquiavilaoperaria.org.br\/portal\/#\/schema\/person\/e3de961d0edca8f8595f1fa7cffc193f"},"breadcrumb":{"@id":"https:\/\/www.paroquiavilaoperaria.org.br\/portal\/programacao-de-celebracoes-de-natal-e-ano-novo\/#breadcrumb"},"inLanguage":"pt-BR","potentialAction":[{"@type":"ReadAction","target":["https:\/\/www.paroquiavilaoperaria.org.br\/portal\/programacao-de-celebracoes-de-natal-e-ano-novo\/"]}]},{"@type":"BreadcrumbList","@id":"https:\/\/www.paroquiavilaoperaria.org.br\/portal\/programacao-de-celebracoes-de-natal-e-ano-novo\/#breadcrumb","itemListElement":[{"@type":"ListItem","position":1,"name":"In\u00edcio","item":"https:\/\/www.paroquiavilaoperaria.org.br\/portal\/"},{"@type":"ListItem","position":2,"name":"Programa\u00e7\u00e3o de celebra\u00e7\u00f5es de Natal e Ano Novo"}]},{"@type":"Person","@id":"https:\/\/www.paroquiavilaoperaria.org.br\/portal\/#\/schema\/person\/e3de961d0edca8f8595f1fa7cffc193f","name":"Emanuel Ramos","image":{"@type":"ImageObject","@id":"https:\/\/www.paroquiavilaoperaria.org.br\/portal\/#personlogo","inLanguage":"pt-BR","url":"https:\/\/secure.gravatar.com\/avatar\/ab90aff8bbae87d9bbf54ceddd4d11e1?s=96&d=mm&r=g","contentUrl":"https:\/\/secure.gravatar.com\/avatar\/ab90aff8bbae87d9bbf54ceddd4d11e1?s=96&d=mm&r=g","caption":"Emanuel Ramos"},"sameAs":["http:\/\/www.paroquiavilaoperaria.org.br"],"url":"https:\/\/www.paroquiavilaoperaria.org.br\/portal\/author\/emanuel\/"}]}},"_links":{"self":[{"href":"https:\/\/www.paroquiavilaoperaria.org.br\/portal\/wp-json\/wp\/v2\/posts\/2323"}],"collection":[{"href":"https:\/\/www.paroquiavilaoperaria.org.br\/portal\/wp-json\/wp\/v2\/posts"}],"about":[{"href":"https:\/\/www.paroquiavilaoperaria.org.br\/portal\/wp-json\/wp\/v2\/types\/post"}],"author":[{"embeddable":true,"href":"https:\/\/www.paroquiavilaoperaria.org.br\/portal\/wp-json\/wp\/v2\/users\/2"}],"replies":[{"embeddable":true,"href":"https:\/\/www.paroquiavilaoperaria.org.br\/portal\/wp-json\/wp\/v2\/comments?post=2323"}],"version-history":[{"count":1,"href":"https:\/\/www.paroquiavilaoperaria.org.br\/portal\/wp-json\/wp\/v2\/posts\/2323\/revisions"}],"predecessor-version":[{"id":2327,"href":"https:\/\/www.paroquiavilaoperaria.org.br\/portal\/wp-json\/wp\/v2\/posts\/2323\/revisions\/2327"}],"wp:featuredmedia":[{"embeddable":true,"href":"https:\/\/www.paroquiavilaoperaria.org.br\/portal\/wp-json\/wp\/v2\/media\/2326"}],"wp:attachment":[{"href":"https:\/\/www.paroquiavilaoperaria.org.br\/portal\/wp-json\/wp\/v2\/media?parent=2323"}],"wp:term":[{"taxonomy":"category","embeddable":true,"href":"https:\/\/www.paroquiavilaoperaria.org.br\/portal\/wp-json\/wp\/v2\/categories?post=2323"},{"taxonomy":"post_tag","embeddable":true,"href":"https:\/\/www.paroquiavilaoperaria.org.br\/portal\/wp-json\/wp\/v2\/tags?post=2323"}],"curies":[{"name":"wp","href":"https:\/\/api.w.org\/{rel}","templated":true}]}}