{"id":2282,"date":"2021-03-30T09:09:11","date_gmt":"2021-03-30T12:09:11","guid":{"rendered":"https:\/\/www.paroquiavilaoperaria.org.br\/portal\/?p=2282"},"modified":"2021-03-30T09:09:11","modified_gmt":"2021-03-30T12:09:11","slug":"programacao-da-semana-santa-2021","status":"publish","type":"post","link":"https:\/\/www.paroquiavilaoperaria.org.br\/portal\/programacao-da-semana-santa-2021\/","title":{"rendered":"Programa\u00e7\u00e3o da Semana Santa 2021"},"content":{"rendered":"<p><a href=\"https:\/\/www.paroquiavilaoperaria.org.br\/portal\/wp-content\/uploads\/2021\/03\/SEMANASANTA-2.png\"><br \/>\n<img loading=\"lazy\" decoding=\"async\" class=\"alignleft size-medium wp-image-2283\" src=\"https:\/\/www.paroquiavilaoperaria.org.br\/portal\/wp-content\/uploads\/2021\/03\/SEMANASANTA-2-300x300.png\" alt=\"\" width=\"300\" height=\"300\" srcset=\"https:\/\/www.paroquiavilaoperaria.org.br\/portal\/wp-content\/uploads\/2021\/03\/SEMANASANTA-2-300x300.png 300w, https:\/\/www.paroquiavilaoperaria.org.br\/portal\/wp-content\/uploads\/2021\/03\/SEMANASANTA-2-150x150.png 150w, https:\/\/www.paroquiavilaoperaria.org.br\/portal\/wp-content\/uploads\/2021\/03\/SEMANASANTA-2-768x768.png 768w, https:\/\/www.paroquiavilaoperaria.org.br\/portal\/wp-content\/uploads\/2021\/03\/SEMANASANTA-2-1024x1024.png 1024w, https:\/\/www.paroquiavilaoperaria.org.br\/portal\/wp-content\/uploads\/2021\/03\/SEMANASANTA-2.png 1080w\" sizes=\"(max-width: 300px) 100vw, 300px\" \/><\/a><\/p>\n","protected":false},"excerpt":{"rendered":"","protected":false},"author":2,"featured_media":2283,"comment_status":"closed","ping_status":"open","sticky":false,"template":"","format":"standard","meta":{"_acf_changed":false,"footnotes":""},"categories":[1],"tags":[61,86,73,51,62],"acf":[],"yoast_head":"<!-- This site is optimized with the Yoast SEO plugin v16.9 - https:\/\/yoast.com\/wordpress\/plugins\/seo\/ -->\n<title>Programa\u00e7\u00e3o da Semana Santa 2021<\/title>\n<meta name=\"robots\" content=\"index, follow, max-snippet:-1, max-image-preview:large, max-video-preview:-1\" \/>\n<link rel=\"canonical\" href=\"https:\/\/www.paroquiavilaoperaria.org.br\/portal\/programacao-da-semana-santa-2021\/\" \/>\n<meta property=\"og:locale\" content=\"pt_BR\" \/>\n<meta property=\"og:type\" content=\"article\" \/>\n<meta property=\"og:title\" content=\"Programa\u00e7\u00e3o da Semana Santa 2021\" \/>\n<meta property=\"og:url\" content=\"https:\/\/www.paroquiavilaoperaria.org.br\/portal\/programacao-da-semana-santa-2021\/\" \/>\n<meta property=\"og:site_name\" content=\"Par\u00f3quia da Vila Oper\u00e1ria - Teresina - Piau\u00ed\" \/>\n<meta property=\"article:publisher\" content=\"https:\/\/www.facebook.com\/Valdeci-Cavalcante-Advocacia-Assessoria-211334022240065\/\" \/>\n<meta property=\"article:published_time\" content=\"2021-03-30T12:09:11+00:00\" \/>\n<meta property=\"og:image\" content=\"https:\/\/www.paroquiavilaoperaria.org.br\/portal\/wp-content\/uploads\/2021\/03\/SEMANASANTA-2.png\" \/>\n\t<meta property=\"og:image:width\" content=\"1080\" \/>\n\t<meta property=\"og:image:height\" content=\"1080\" \/>\n<meta name=\"twitter:card\" content=\"summary\" \/>\n<meta name=\"twitter:label1\" content=\"Escrito por\" \/>\n\t<meta name=\"twitter:data1\" content=\"Emanuel Ramos\" \/>\n<script type=\"application\/ld+json\" class=\"yoast-schema-graph\">{\"@context\":\"https:\/\/schema.org\",\"@graph\":[{\"@type\":\"WebSite\",\"@id\":\"https:\/\/www.paroquiavilaoperaria.org.br\/portal\/#website\",\"url\":\"https:\/\/www.paroquiavilaoperaria.org.br\/portal\/\",\"name\":\"Par\\u00f3quia da Vila Oper\\u00e1ria - Teresina - Piau\\u00ed\",\"description\":\"\",\"potentialAction\":[{\"@type\":\"SearchAction\",\"target\":{\"@type\":\"EntryPoint\",\"urlTemplate\":\"https:\/\/www.paroquiavilaoperaria.org.br\/portal\/?s={search_term_string}\"},\"query-input\":\"required name=search_term_string\"}],\"inLanguage\":\"pt-BR\"},{\"@type\":\"ImageObject\",\"@id\":\"https:\/\/www.paroquiavilaoperaria.org.br\/portal\/programacao-da-semana-santa-2021\/#primaryimage\",\"inLanguage\":\"pt-BR\",\"url\":\"https:\/\/www.paroquiavilaoperaria.org.br\/portal\/wp-content\/uploads\/2021\/03\/SEMANASANTA-2.png\",\"contentUrl\":\"https:\/\/www.paroquiavilaoperaria.org.br\/portal\/wp-content\/uploads\/2021\/03\/SEMANASANTA-2.png\",\"width\":1080,\"height\":1080},{\"@type\":\"WebPage\",\"@id\":\"https:\/\/www.paroquiavilaoperaria.org.br\/portal\/programacao-da-semana-santa-2021\/#webpage\",\"url\":\"https:\/\/www.paroquiavilaoperaria.org.br\/portal\/programacao-da-semana-santa-2021\/\",\"name\":\"Programa\\u00e7\\u00e3o da Semana Santa 2021\",\"isPartOf\":{\"@id\":\"https:\/\/www.paroquiavilaoperaria.org.br\/portal\/#website\"},\"primaryImageOfPage\":{\"@id\":\"https:\/\/www.paroquiavilaoperaria.org.br\/portal\/programacao-da-semana-santa-2021\/#primaryimage\"},\"datePublished\":\"2021-03-30T12:09:11+00:00\",\"dateModified\":\"2021-03-30T12:09:11+00:00\",\"author\":{\"@id\":\"https:\/\/www.paroquiavilaoperaria.org.br\/portal\/#\/schema\/person\/e3de961d0edca8f8595f1fa7cffc193f\"},\"breadcrumb\":{\"@id\":\"https:\/\/www.paroquiavilaoperaria.org.br\/portal\/programacao-da-semana-santa-2021\/#breadcrumb\"},\"inLanguage\":\"pt-BR\",\"potentialAction\":[{\"@type\":\"ReadAction\",\"target\":[\"https:\/\/www.paroquiavilaoperaria.org.br\/portal\/programacao-da-semana-santa-2021\/\"]}]},{\"@type\":\"BreadcrumbList\",\"@id\":\"https:\/\/www.paroquiavilaoperaria.org.br\/portal\/programacao-da-semana-santa-2021\/#breadcrumb\",\"itemListElement\":[{\"@type\":\"ListItem\",\"position\":1,\"name\":\"In\\u00edcio\",\"item\":\"https:\/\/www.paroquiavilaoperaria.org.br\/portal\/\"},{\"@type\":\"ListItem\",\"position\":2,\"name\":\"Programa\\u00e7\\u00e3o da Semana Santa 2021\"}]},{\"@type\":\"Person\",\"@id\":\"https:\/\/www.paroquiavilaoperaria.org.br\/portal\/#\/schema\/person\/e3de961d0edca8f8595f1fa7cffc193f\",\"name\":\"Emanuel Ramos\",\"image\":{\"@type\":\"ImageObject\",\"@id\":\"https:\/\/www.paroquiavilaoperaria.org.br\/portal\/#personlogo\",\"inLanguage\":\"pt-BR\",\"url\":\"https:\/\/secure.gravatar.com\/avatar\/ab90aff8bbae87d9bbf54ceddd4d11e1?s=96&d=mm&r=g\",\"contentUrl\":\"https:\/\/secure.gravatar.com\/avatar\/ab90aff8bbae87d9bbf54ceddd4d11e1?s=96&d=mm&r=g\",\"caption\":\"Emanuel Ramos\"},\"sameAs\":[\"http:\/\/www.paroquiavilaoperaria.org.br\"],\"url\":\"https:\/\/www.paroquiavilaoperaria.org.br\/portal\/author\/emanuel\/\"}]}<\/script>\n<!-- \/ Yoast SEO plugin. -->","yoast_head_json":{"title":"Programa\u00e7\u00e3o da Semana Santa 2021","robots":{"index":"index","follow":"follow","max-snippet":"max-snippet:-1","max-image-preview":"max-image-preview:large","max-video-preview":"max-video-preview:-1"},"canonical":"https:\/\/www.paroquiavilaoperaria.org.br\/portal\/programacao-da-semana-santa-2021\/","og_locale":"pt_BR","og_type":"article","og_title":"Programa\u00e7\u00e3o da Semana Santa 2021","og_url":"https:\/\/www.paroquiavilaoperaria.org.br\/portal\/programacao-da-semana-santa-2021\/","og_site_name":"Par\u00f3quia da Vila Oper\u00e1ria - Teresina - Piau\u00ed","article_publisher":"https:\/\/www.facebook.com\/Valdeci-Cavalcante-Advocacia-Assessoria-211334022240065\/","article_published_time":"2021-03-30T12:09:11+00:00","og_image":[{"width":1080,"height":1080,"url":"https:\/\/www.paroquiavilaoperaria.org.br\/portal\/wp-content\/uploads\/2021\/03\/SEMANASANTA-2.png","path":"\/home\/vila\/domains\/paroquiavilaoperaria.org.br\/public_html\/portal\/wp-content\/uploads\/2021\/03\/SEMANASANTA-2.png","size":"full","id":2283,"alt":"","pixels":1166400,"type":"image\/png"}],"twitter_card":"summary","twitter_misc":{"Escrito por":"Emanuel Ramos"},"schema":{"@context":"https:\/\/schema.org","@graph":[{"@type":"WebSite","@id":"https:\/\/www.paroquiavilaoperaria.org.br\/portal\/#website","url":"https:\/\/www.paroquiavilaoperaria.org.br\/portal\/","name":"Par\u00f3quia da Vila Oper\u00e1ria - Teresina - Piau\u00ed","description":"","potentialAction":[{"@type":"SearchAction","target":{"@type":"EntryPoint","urlTemplate":"https:\/\/www.paroquiavilaoperaria.org.br\/portal\/?s={search_term_string}"},"query-input":"required name=search_term_string"}],"inLanguage":"pt-BR"},{"@type":"ImageObject","@id":"https:\/\/www.paroquiavilaoperaria.org.br\/portal\/programacao-da-semana-santa-2021\/#primaryimage","inLanguage":"pt-BR","url":"https:\/\/www.paroquiavilaoperaria.org.br\/portal\/wp-content\/uploads\/2021\/03\/SEMANASANTA-2.png","contentUrl":"https:\/\/www.paroquiavilaoperaria.org.br\/portal\/wp-content\/uploads\/2021\/03\/SEMANASANTA-2.png","width":1080,"height":1080},{"@type":"WebPage","@id":"https:\/\/www.paroquiavilaoperaria.org.br\/portal\/programacao-da-semana-santa-2021\/#webpage","url":"https:\/\/www.paroquiavilaoperaria.org.br\/portal\/programacao-da-semana-santa-2021\/","name":"Programa\u00e7\u00e3o da Semana Santa 2021","isPartOf":{"@id":"https:\/\/www.paroquiavilaoperaria.org.br\/portal\/#website"},"primaryImageOfPage":{"@id":"https:\/\/www.paroquiavilaoperaria.org.br\/portal\/programacao-da-semana-santa-2021\/#primaryimage"},"datePublished":"2021-03-30T12:09:11+00:00","dateModified":"2021-03-30T12:09:11+00:00","author":{"@id":"https:\/\/www.paroquiavilaoperaria.org.br\/portal\/#\/schema\/person\/e3de961d0edca8f8595f1fa7cffc193f"},"breadcrumb":{"@id":"https:\/\/www.paroquiavilaoperaria.org.br\/portal\/programacao-da-semana-santa-2021\/#breadcrumb"},"inLanguage":"pt-BR","potentialAction":[{"@type":"ReadAction","target":["https:\/\/www.paroquiavilaoperaria.org.br\/portal\/programacao-da-semana-santa-2021\/"]}]},{"@type":"BreadcrumbList","@id":"https:\/\/www.paroquiavilaoperaria.org.br\/portal\/programacao-da-semana-santa-2021\/#breadcrumb","itemListElement":[{"@type":"ListItem","position":1,"name":"In\u00edcio","item":"https:\/\/www.paroquiavilaoperaria.org.br\/portal\/"},{"@type":"ListItem","position":2,"name":"Programa\u00e7\u00e3o da Semana Santa 2021"}]},{"@type":"Person","@id":"https:\/\/www.paroquiavilaoperaria.org.br\/portal\/#\/schema\/person\/e3de961d0edca8f8595f1fa7cffc193f","name":"Emanuel Ramos","image":{"@type":"ImageObject","@id":"https:\/\/www.paroquiavilaoperaria.org.br\/portal\/#personlogo","inLanguage":"pt-BR","url":"https:\/\/secure.gravatar.com\/avatar\/ab90aff8bbae87d9bbf54ceddd4d11e1?s=96&d=mm&r=g","contentUrl":"https:\/\/secure.gravatar.com\/avatar\/ab90aff8bbae87d9bbf54ceddd4d11e1?s=96&d=mm&r=g","caption":"Emanuel Ramos"},"sameAs":["http:\/\/www.paroquiavilaoperaria.org.br"],"url":"https:\/\/www.paroquiavilaoperaria.org.br\/portal\/author\/emanuel\/"}]}},"_links":{"self":[{"href":"https:\/\/www.paroquiavilaoperaria.org.br\/portal\/wp-json\/wp\/v2\/posts\/2282"}],"collection":[{"href":"https:\/\/www.paroquiavilaoperaria.org.br\/portal\/wp-json\/wp\/v2\/posts"}],"about":[{"href":"https:\/\/www.paroquiavilaoperaria.org.br\/portal\/wp-json\/wp\/v2\/types\/post"}],"author":[{"embeddable":true,"href":"https:\/\/www.paroquiavilaoperaria.org.br\/portal\/wp-json\/wp\/v2\/users\/2"}],"replies":[{"embeddable":true,"href":"https:\/\/www.paroquiavilaoperaria.org.br\/portal\/wp-json\/wp\/v2\/comments?post=2282"}],"version-history":[{"count":1,"href":"https:\/\/www.paroquiavilaoperaria.org.br\/portal\/wp-json\/wp\/v2\/posts\/2282\/revisions"}],"predecessor-version":[{"id":2284,"href":"https:\/\/www.paroquiavilaoperaria.org.br\/portal\/wp-json\/wp\/v2\/posts\/2282\/revisions\/2284"}],"wp:featuredmedia":[{"embeddable":true,"href":"https:\/\/www.paroquiavilaoperaria.org.br\/portal\/wp-json\/wp\/v2\/media\/2283"}],"wp:attachment":[{"href":"https:\/\/www.paroquiavilaoperaria.org.br\/portal\/wp-json\/wp\/v2\/media?parent=2282"}],"wp:term":[{"taxonomy":"category","embeddable":true,"href":"https:\/\/www.paroquiavilaoperaria.org.br\/portal\/wp-json\/wp\/v2\/categories?post=2282"},{"taxonomy":"post_tag","embeddable":true,"href":"https:\/\/www.paroquiavilaoperaria.org.br\/portal\/wp-json\/wp\/v2\/tags?post=2282"}],"curies":[{"name":"wp","href":"https:\/\/api.w.org\/{rel}","templated":true}]}}